[{"@context":"https:\/\/schema.org\/","@type":"Article","@id":"https:\/\/www.bebold.cz\/kamenna-krasa\/#Article","mainEntityOfPage":"https:\/\/www.bebold.cz\/kamenna-krasa\/","headline":"Kamenn\u00e1 kr\u00e1sa","name":"Kamenn\u00e1 kr\u00e1sa","description":"Mo\u017en\u00e1 jste tudy ji\u017e proj\u00ed\u017ed\u011bli, ale nenapadlo V\u00e1s zde zastavit. \u0160koda, p\u0159\u00ed\u0161t\u011b to ud\u011blejte. M\u011bsto s 9 000 obyvateli je na prvn\u00ed pohled nen\u00e1padn\u00e9 a v\u011bt\u0161ina lid\u00ed sp\u00ed\u0161e zam\u00ed\u0159\u00ed do nedalek\u00e9ho Ji\u010d\u00edna nebo na druhou stranu do Hradce Kr\u00e1lov\u00e9. Ale t\u00fdden v Ho\u0159ic\u00edch a okol\u00ed se V\u00e1m ur\u010dit\u011b vyplat\u00ed. V &hellip; ","datePublished":"2025-03-03","dateModified":"2025-03-03","author":{"@type":"Person","@id":"https:\/\/www.bebold.cz\/author\/#Person","name":"","url":"https:\/\/www.bebold.cz\/author\/","identifier":1,"image":{"@type":"ImageObject","@id":"https:\/\/secure.gravatar.com\/avatar\/25a824e14ead2d36aba24b918221841350fb41cea98048e9b1929df8c4bf4bd8?s=96&d=mm&r=g","url":"https:\/\/secure.gravatar.com\/avatar\/25a824e14ead2d36aba24b918221841350fb41cea98048e9b1929df8c4bf4bd8?s=96&d=mm&r=g","height":96,"width":96}},"publisher":{"@type":"Organization","name":"bebold.cz","logo":{"@type":"ImageObject","@id":"\/logo.png","url":"\/logo.png","width":600,"height":60}},"image":{"@type":"ImageObject","@id":"https:\/\/www.bebold.cz\/wp-content\/uploads\/img_a306193_w2235_t1517389653.jpg","url":"https:\/\/www.bebold.cz\/wp-content\/uploads\/img_a306193_w2235_t1517389653.jpg","height":0,"width":0},"url":"https:\/\/www.bebold.cz\/kamenna-krasa\/","wordCount":435,"articleBody":"Mo\u017en\u00e1 jste tudy ji\u017e proj\u00ed\u017ed\u011bli, ale nenapadlo V\u00e1s zde zastavit. \u0160koda, p\u0159\u00ed\u0161t\u011b to ud\u011blejte. M\u011bsto s 9 000 obyvateli je na prvn\u00ed pohled nen\u00e1padn\u00e9 a v\u011bt\u0161ina lid\u00ed sp\u00ed\u0161e zam\u00ed\u0159\u00ed do nedalek\u00e9ho Ji\u010d\u00edna nebo na druhou stranu do Hradce Kr\u00e1lov\u00e9. Ale t\u00fdden v Ho\u0159ic\u00edch a okol\u00ed se V\u00e1m ur\u010dit\u011b vyplat\u00ed.  V m\u011bstsk\u00e9 \u010d\u00e1sti Dachovy je kr\u00e1sn\u00e9 p\u0159\u00edrodn\u00ed koupali\u0161t\u011b, kter\u00e9 bylo otev\u0159eno v roce 1925 a stalo se v roce 2013 kulturn\u00ed pam\u00e1tkou. V sou\u010dasn\u00e9 dob\u011b proch\u00e1z\u00ed hlavn\u00ed budova, kde se nach\u00e1z\u00ed p\u0159evl\u00e9k\u00e1rny a str\u00e1\u017en\u00ed domek rozs\u00e1hlou rekonstrukc\u00ed. V are\u00e1lu koupali\u0161t\u011b je mo\u017en\u00e9 se v l\u00e9t\u011b ubytovat v chatk\u00e1ch a podnikat odsud v\u00fdlety do okol\u00ed. P\u011b\u0161ky pohodln\u011b dojdete stezkou lesem do Ho\u0159ic a v\u00fdletovat m\u016f\u017eete bu\u010f na kole, nebo autem. Ho\u0159ice maj\u00ed dlouholetou tradici a byla zde zalo\u017eena nejstar\u0161\u00ed socha\u0159sko-kamenick\u00e1 \u0161kola v Evrop\u011b. O p\u00edskovec a sochy z n\u011bj tady zakop\u00e1v\u00e1te na ka\u017ed\u00e9m kroku. Nejv\u00edce jich najdete na vrch Gothard, kde jsou voln\u011b rozm\u00edst\u011bny v ter\u00e9nu a m\u016f\u017eete mezi nimi proch\u00e1zet. Ka\u017edoro\u010dn\u011b se zde kon\u00e1 socha\u0159sk\u00e9 sympozium. Na Gothardu  je tak\u00e9 h\u0159bitov, jeho\u017e vstupn\u00ed port\u00e1l, ale i mnoh\u00e9 n\u00e1hrobky stoj\u00ed za vid\u011bn\u00ed. Na n\u00e1m\u011bst\u00ed pak zaujme architektonicky kr\u00e1sn\u00e1 novogotick\u00e1 radnice. Milovn\u00edci silni\u010dn\u00edch motorek zajist\u00e9 znaj\u00ed zn\u00e1m\u00e9 z\u00e1vody 300 zat\u00e1\u010dek Gustava Havla, na kter\u00e9 se sj\u00ed\u017ed\u011bj\u00ed z\u00e1vodn\u00edci z cel\u00e9 Evropy. Bohu\u017eel p\u0159i nich tak\u00e9 skoro ka\u017ed\u00fd rok doch\u00e1z\u00ed ke smrteln\u00fdm \u00faraz\u016fm.  No a kdo si potrp\u00ed na region\u00e1ln\u00ed produkty, ten neodol\u00e1 ho\u0159ick\u00fdm trubi\u010dk\u00e1m. A\u0165 ji\u017e pln\u011bn\u00e9 nebo pr\u00e1zdn\u00e9, jen se cukrem a sko\u0159ic\u00ed, polom\u00e1\u010den\u00e9, zajist\u00e9 V\u00e1m zachutnaj\u00ed a budou vhodn\u00fdm d\u00e1rkem pro Va\u0161e bl\u00edzk\u00e9. V okol\u00ed pak stoj\u00ed za n\u00e1v\u0161t\u011bvu Milet\u00edn, kde m\u016f\u017eete pro zm\u011bnu ochutnat dal\u0161\u00ed v\u011bhlasn\u00fd region\u00e1ln\u00ed produkt a to Milet\u00ednsk\u00e9 modlitbi\u010dky. Jedn\u00e1 se o pern\u00ed\u010dky z rodinn\u00e9 cukr\u00e1rny rodu Erben\u016f. Je zde tak\u00e9 rodn\u00fd d\u016fm Karla Jarom\u00edra Erbena. Za zv\u00ed\u0159\u00e1tky m\u016f\u017eete vyrazit do Dvora Kr\u00e1lov\u00e9 a kr\u00e1sn\u00fd v\u00fdhled budete m\u00edt cestou z vrchu Zvi\u010dina, kde se d\u00e1 v zim\u011b i ly\u017eovat, pokud to sn\u011bhov\u00e9 podm\u00ednky dovol\u00ed.                                                                                                                                                                                                                                                                                                                                                                                         4.2\/5 - (6 votes)        "},{"@context":"https:\/\/schema.org\/","@type":"BreadcrumbList","itemListElement":[{"@type":"ListItem","position":1,"name":"Kamenn\u00e1 kr\u00e1sa","item":"https:\/\/www.bebold.cz\/kamenna-krasa\/#breadcrumbitem"}]}]