[{"@context":"https:\/\/schema.org\/","@type":"Article","@id":"https:\/\/www.bebold.cz\/nase-sluzby-jsou-nejlevnejsi-v-praze\/#Article","mainEntityOfPage":"https:\/\/www.bebold.cz\/nase-sluzby-jsou-nejlevnejsi-v-praze\/","headline":"Na\u0161e slu\u017eby jsou nejlevn\u011bj\u0161\u00ed v Praze","name":"Na\u0161e slu\u017eby jsou nejlevn\u011bj\u0161\u00ed v Praze","description":"Objednejte si na\u0161e prvot\u0159\u00eddn\u00ed slu\u017eby. O jak\u00e9 slu\u017eby se jedn\u00e1? Jde o \u010di\u0161t\u011bn\u00ed koberc\u016f Praha. V hlavn\u00edm m\u011bst\u011b je nab\u00edz\u00edme za nejni\u017e\u0161\u00ed ceny. Rozhodn\u011bte se pro na\u0161e slu\u017eby M\u016f\u017eeme v\u00e1m je poskytnout. Vyzna\u010duj\u00ed se vysokou kvalitou. Jsme rychl\u00ed, kvalitn\u00ed a tak\u00e9 spolehliv\u00ed. Pokud si n\u00e1s budete p\u0159\u00e1t vyu\u017eit, sta\u010d\u00ed n\u00e1s &hellip; ","datePublished":"2024-11-12","dateModified":"2024-11-12","author":{"@type":"Person","@id":"https:\/\/www.bebold.cz\/author\/#Person","name":"","url":"https:\/\/www.bebold.cz\/author\/","identifier":1,"image":{"@type":"ImageObject","@id":"https:\/\/secure.gravatar.com\/avatar\/25a824e14ead2d36aba24b918221841350fb41cea98048e9b1929df8c4bf4bd8?s=96&d=mm&r=g","url":"https:\/\/secure.gravatar.com\/avatar\/25a824e14ead2d36aba24b918221841350fb41cea98048e9b1929df8c4bf4bd8?s=96&d=mm&r=g","height":96,"width":96}},"publisher":{"@type":"Organization","name":"bebold.cz","logo":{"@type":"ImageObject","@id":"\/logo.png","url":"\/logo.png","width":600,"height":60}},"url":"https:\/\/www.bebold.cz\/nase-sluzby-jsou-nejlevnejsi-v-praze\/","wordCount":173,"articleBody":"Objednejte si na\u0161e prvot\u0159\u00eddn\u00ed slu\u017eby. O jak\u00e9 slu\u017eby se jedn\u00e1? Jde o \u010di\u0161t\u011bn\u00ed koberc\u016f Praha. V hlavn\u00edm m\u011bst\u011b je nab\u00edz\u00edme za nejni\u017e\u0161\u00ed ceny. Rozhodn\u011bte se pro na\u0161e slu\u017eby M\u016f\u017eeme v\u00e1m je poskytnout. Vyzna\u010duj\u00ed se vysokou kvalitou. Jsme rychl\u00ed, kvalitn\u00ed a tak\u00e9 spolehliv\u00ed. Pokud si n\u00e1s budete p\u0159\u00e1t vyu\u017eit, sta\u010d\u00ed n\u00e1s kdykoliv kontaktovat. Jsme tady pro v\u00e1s.\tRozhodn\u011bte se pro na\u0161e \u00faklidov\u00e9 slu\u017ebyNem\u00e1te st\u00e1le uklizeno? Mo\u017en\u00e1, \u017ee bychom pro v\u00e1s na\u0161li vhodn\u00e9 \u0159e\u0161en\u00ed. T\u00edm je \u010di\u0161t\u011bn\u00ed koberc\u016f Praha. Kdy\u017e si n\u00e1s objedn\u00e1te, uklid\u00edme v\u00e1m cel\u00fd byt v\u010detn\u011b myt\u00ed oken a r\u00e1m\u016f. P\u0159edpokladem vyu\u017eit\u00ed na\u0161ich slu\u017eeb je v\u0161ak jejich objedn\u00e1n\u00ed. S n\u00e1mi budete m\u00edt uklizeno ve v\u00fdborn\u00e9 kvalit\u011b. Nebojte se vyu\u017e\u00edvat na\u0161ich slu\u017eeb. Slou\u017e\u00edme v\u0161em na\u0161ich z\u00e1kazn\u00edk\u016fm.                                                                                                                                                                                                                                                                                                                                                                                                "},{"@context":"https:\/\/schema.org\/","@type":"BreadcrumbList","itemListElement":[{"@type":"ListItem","position":1,"name":"Na\u0161e slu\u017eby jsou nejlevn\u011bj\u0161\u00ed v Praze","item":"https:\/\/www.bebold.cz\/nase-sluzby-jsou-nejlevnejsi-v-praze\/#breadcrumbitem"}]}]