[{"@context":"https:\/\/schema.org\/","@type":"Article","@id":"https:\/\/www.bebold.cz\/prijedte-k-nam-deti-vitany\/#Article","mainEntityOfPage":"https:\/\/www.bebold.cz\/prijedte-k-nam-deti-vitany\/","headline":"P\u0159ije\u010fte k n\u00e1m, d\u011bti v\u00edt\u00e1ny","name":"P\u0159ije\u010fte k n\u00e1m, d\u011bti v\u00edt\u00e1ny","description":"\u017dijete ve m\u011bst\u011b a r\u00e1di byste v zimn\u00edm obdob\u00ed vyrazili n\u011bkam za sn\u011bhem? Nem\u00e1te zrovna to \u0161t\u011bst\u00ed a v majetku Va\u0161\u00ed rodiny nen\u00ed rodinn\u00fd d\u016fm uprost\u0159ed Orlick\u00fdch \u010di jin\u00fdch hor, ide\u00e1ln\u011b rovnou pod sjezdovkou? Uva\u017eujete tedy o vyu\u017eit\u00ed slu\u017eeb n\u011bkter\u00e9ho ubytovac\u00edho za\u0159\u00edzen\u00ed? Pokud v\u0161ak m\u00e1te mal\u00e9 d\u011bti, je nad slunce &hellip; ","datePublished":"2025-01-29","dateModified":"2025-01-29","author":{"@type":"Person","@id":"https:\/\/www.bebold.cz\/author\/#Person","name":"","url":"https:\/\/www.bebold.cz\/author\/","identifier":1,"image":{"@type":"ImageObject","@id":"https:\/\/secure.gravatar.com\/avatar\/25a824e14ead2d36aba24b918221841350fb41cea98048e9b1929df8c4bf4bd8?s=96&d=mm&r=g","url":"https:\/\/secure.gravatar.com\/avatar\/25a824e14ead2d36aba24b918221841350fb41cea98048e9b1929df8c4bf4bd8?s=96&d=mm&r=g","height":96,"width":96}},"publisher":{"@type":"Organization","name":"bebold.cz","logo":{"@type":"ImageObject","@id":"\/logo.png","url":"\/logo.png","width":600,"height":60}},"url":"https:\/\/www.bebold.cz\/prijedte-k-nam-deti-vitany\/","wordCount":198,"articleBody":"\u017dijete ve m\u011bst\u011b a r\u00e1di byste v zimn\u00edm obdob\u00ed vyrazili n\u011bkam za sn\u011bhem? Nem\u00e1te zrovna to \u0161t\u011bst\u00ed a v majetku Va\u0161\u00ed rodiny nen\u00ed rodinn\u00fd d\u016fm uprost\u0159ed Orlick\u00fdch \u010di jin\u00fdch hor, ide\u00e1ln\u011b rovnou pod sjezdovkou? Uva\u017eujete tedy o vyu\u017eit\u00ed slu\u017eeb n\u011bkter\u00e9ho ubytovac\u00edho za\u0159\u00edzen\u00ed? Pokud v\u0161ak m\u00e1te mal\u00e9 d\u011bti, je nad slunce jasn\u00e9, \u017ee aby pobyt prob\u011bhl v klidu a pohod\u011b, bude V\u00e1s to st\u00e1t nemal\u00e9 \u00fasil\u00ed. Ov\u0161em je zde jedna mo\u017enost, kter\u00e1 bude p\u0159\u00edjemn\u00e1 a v\u011bzte, \u017ee pobyt si u\u017eijete i Vy. Den si pl\u00e1nujte dle sv\u00e9ho Ide\u00e1ln\u00edm \u0159e\u0161en\u00edm pro rodiny s mal\u00fdmi d\u011btmi jsou chaty a chalupy k pronajmut\u00ed. Tato varianta je velice p\u0159\u00edjemn\u00e1 nejen z d\u016fvodu naprost\u00e9ho soukrom\u00ed, je to velice p\u0159\u00edjemn\u00e9 \u0159e\u0161en\u00ed i vzhledem k cen\u011b. Nab\u00edz\u00edme V\u00e1m ucelen\u00fd p\u0159ehled v\u0161ech objekt\u016f po cel\u00e9 \u010cesk\u00e9 republice, kter\u00e9 jsou od soukrom\u00fdch majitel\u016f k pron\u00e1jmu. D\u00edky podrobn\u00e9mu popisu si m\u016f\u017eete velice snadno vybrat.                                                                                                                                                                                                                                                                                                                                                                                        4\/5 - (1 vote)        "},{"@context":"https:\/\/schema.org\/","@type":"BreadcrumbList","itemListElement":[{"@type":"ListItem","position":1,"name":"P\u0159ije\u010fte k n\u00e1m, d\u011bti v\u00edt\u00e1ny","item":"https:\/\/www.bebold.cz\/prijedte-k-nam-deti-vitany\/#breadcrumbitem"}]}]