[{"@context":"https:\/\/schema.org\/","@type":"Article","@id":"https:\/\/www.bebold.cz\/zvireci-oblecky\/#Article","mainEntityOfPage":"https:\/\/www.bebold.cz\/zvireci-oblecky\/","headline":"Zv\u00ed\u0159ec\u00ed oble\u010dky","name":"Zv\u00ed\u0159ec\u00ed oble\u010dky","description":"Zv\u00ed\u0159ata, co nos\u00ed oble\u010den\u00ed. Je to v\u00a0po\u0159\u00e1dku nebo se jedn\u00e1 o t\u00fdr\u00e1n\u00ed zv\u00ed\u0159at? Na toto t\u00e9ma se v\u00a0r\u016fzn\u00fdch skupin\u00e1ch lid\u00ed najdou r\u016fzn\u00e9 n\u00e1zory. N\u011bkomu p\u0159\u00edjme pes oble\u010den\u00fd ve svet\u0159\u00edku naprosto roztomil\u00fd a n\u011bkdo si \u0159\u00edk\u00e1, \u017ee ten chud\u00e1k mus\u00ed nejsp\u00ed\u0161e dost trp\u011bt, proto\u017ee vypad\u00e1, \u017ee je mu to nep\u0159\u00edjemn\u00e9. Jin\u00fd &hellip; ","datePublished":"2025-03-03","dateModified":"2025-03-03","author":{"@type":"Person","@id":"https:\/\/www.bebold.cz\/author\/#Person","name":"","url":"https:\/\/www.bebold.cz\/author\/","identifier":1,"image":{"@type":"ImageObject","@id":"https:\/\/secure.gravatar.com\/avatar\/25a824e14ead2d36aba24b918221841350fb41cea98048e9b1929df8c4bf4bd8?s=96&d=mm&r=g","url":"https:\/\/secure.gravatar.com\/avatar\/25a824e14ead2d36aba24b918221841350fb41cea98048e9b1929df8c4bf4bd8?s=96&d=mm&r=g","height":96,"width":96}},"publisher":{"@type":"Organization","name":"bebold.cz","logo":{"@type":"ImageObject","@id":"\/logo.png","url":"\/logo.png","width":600,"height":60}},"image":{"@type":"ImageObject","@id":"https:\/\/www.bebold.cz\/wp-content\/uploads\/img_a338969_w2530_t1552080142.jpg","url":"https:\/\/www.bebold.cz\/wp-content\/uploads\/img_a338969_w2530_t1552080142.jpg","height":0,"width":0},"url":"https:\/\/www.bebold.cz\/zvireci-oblecky\/","wordCount":505,"articleBody":"Zv\u00ed\u0159ata, co nos\u00ed oble\u010den\u00ed. Je to v\u00a0po\u0159\u00e1dku nebo se jedn\u00e1 o t\u00fdr\u00e1n\u00ed zv\u00ed\u0159at?Na toto t\u00e9ma se v\u00a0r\u016fzn\u00fdch skupin\u00e1ch lid\u00ed najdou r\u016fzn\u00e9 n\u00e1zory. N\u011bkomu p\u0159\u00edjme pes oble\u010den\u00fd ve svet\u0159\u00edku naprosto roztomil\u00fd a n\u011bkdo si \u0159\u00edk\u00e1, \u017ee ten chud\u00e1k mus\u00ed nejsp\u00ed\u0161e dost trp\u011bt, proto\u017ee vypad\u00e1, \u017ee je mu to nep\u0159\u00edjemn\u00e9. Jin\u00fd na to m\u016f\u017ee argumentovat, \u017ee zv\u00ed\u0159e to nebol\u00ed a naopak ho ten svetr v\u00a0zim\u011b vlastn\u011b h\u0159eje, tak\u017ee mu je to sp\u00ed\u0161e p\u0159\u00ednosem, ne\u017e tr\u00e1pen\u00edm, proto\u017ee se c\u00edt\u00ed mnohem l\u00e9pe.Pravdou je, \u017ee n\u011bkter\u00e1 ps\u00ed plemena jsou bez srsti a bez n\u011bjak\u00e9ho oble\u010dku by v\u00a0zim\u011b nejsp\u00ed\u0161 moc dlouho nevydr\u017eela. Dalo by se tedy \u0159\u00edct, \u017ee je pro n\u011b d\u016fle\u017eit\u00e9 n\u011bco, co je zah\u0159eje. Z\u00e1rove\u0148 se ale \u010dasto st\u00e1v\u00e1, \u017ee pes, kter\u00e9mu oble\u010deme t\u0159eba \u201eps\u00ed pono\u017eky\u201cz nich nen\u00ed nad\u0161en\u00fd a d\u00e1v\u00e1 to najevo, sice velmi vtipn\u00fdmi pohyby, ale z\u00e1rove\u0148 je jasn\u00e9, \u017ee se mu to nel\u00edb\u00ed.V\u00a0\u00favahu te\u010f p\u0159ipadaj\u00ed tak\u00e9 ko\u010dky, kter\u00e9 od sv\u00fdch p\u00e1n\u00ed\u010dk\u016f mohou tak\u00e9 dostat n\u011bjak\u00fd m\u00f3dn\u00ed kousek. Oble\u010den\u00e9 ko\u010dky nevid\u00edme tak \u010dasto, jako psy, ale p\u0159ece jen se najdou. Nap\u0159\u00edklad, pokud vyraz\u00edte na v\u00fdstavu ko\u010dek, je velmi pravd\u011bpodobn\u00e9, \u017ee tam uvid\u00edte bezsrstou ko\u010dku oble\u010denou v\u00a0pohodln\u00e9m oble\u010dku. Op\u011bt se tedy jedn\u00e1 o druh, kter\u00fd teplo ve v\u011bt\u0161\u00edm chladu pot\u0159ebuje, aby neonemocn\u011bl.Ot\u00e1zkou z\u016fst\u00e1vaj\u00ed oble\u010den\u00ed dlouhosrst\u00ed psi v\u00a0extr\u00e9mn\u011bj\u0161\u00edm p\u0159\u00edpad\u011b ko\u010dky nebo obecn\u011b psi se srst\u00ed, kter\u00e1 je ur\u010dena k\u00a0termoregulaci neboli udr\u017eov\u00e1n\u00ed jedince v\u00a0teple. Je to takto opravdu v po\u0159\u00e1dku? Zaj\u00edmav\u00fdm \u00fakazem m\u016f\u017ee b\u00fdt situace, kdy venku pr\u0161\u00ed, a vy zahl\u00e9dnete na ulici dvojici v\u00a0pl\u00e1\u0161t\u011bnk\u00e1ch, kter\u00e1 se skl\u00e1d\u00e1 z\u00a0majitele a jeho chlupat\u00e9ho p\u0159\u00edtele. Lze to br\u00e1t jako norm\u00e1ln\u00ed v\u011bc, kter\u00e1 by m\u011bla b\u00fdt br\u00e1na jako samoz\u0159ejmost nebo by se s\u00a0t\u00edm m\u011blo n\u011bco d\u011blat?Kdy\u017e se mazl\u00ed\u010dek tv\u00e1\u0159\u00ed, \u017ee mu to, zda n\u011bco na sob\u011b m\u00e1 nebo nem\u00e1, nevad\u00ed, nijak neprojevuje emoce ohledn\u011b jeho \u00faboru, chov\u00e1 se p\u0159irozen\u011b, lze to naz\u00fdvat t\u00fdr\u00e1n\u00edm zv\u00ed\u0159at, \u010di nikoliv?\u00a0Na tuto problematiku si mus\u00ed ud\u011blat ka\u017ed\u00fd z\u00a0n\u00e1s n\u00e1zor s\u00e1m. Zv\u00e1\u017eit, zda zv\u00ed\u0159e trp\u00ed nebo ne, pokusit se zhodnotit jeho situaci a d\u011blat pro n\u011bj to nejlep\u0161\u00ed, co m\u016f\u017eeme,\u00a0 je nejlep\u0161\u00ed v\u011bc, co m\u016f\u017eeme pro na\u0161e zv\u00ed\u0159ec\u00ed kamar\u00e1dy d\u011blat. A\u0165 u\u017e zast\u00e1v\u00e1me n\u00e1zor jak\u00fdkoliv.                                                                                                                                                                                                                                                                                                                                                                                        4.1\/5 - (8 votes)        "},{"@context":"https:\/\/schema.org\/","@type":"BreadcrumbList","itemListElement":[{"@type":"ListItem","position":1,"name":"Zv\u00ed\u0159ec\u00ed oble\u010dky","item":"https:\/\/www.bebold.cz\/zvireci-oblecky\/#breadcrumbitem"}]}]